[{"@context":"https:\/\/schema.org\/","@type":"Article","@id":"https:\/\/www.cinuba.sk\/slovensko-bude-mat-na-svojom-uzemi-historicky-prvu-instituciu-europskej-unie\/#Article","mainEntityOfPage":"https:\/\/www.cinuba.sk\/slovensko-bude-mat-na-svojom-uzemi-historicky-prvu-instituciu-europskej-unie\/","headline":"Slovensko bude ma\u0165 na svojom \u00fazem\u00ed historicky prv\u00fa in\u0161tit\u00faciu Eur\u00f3pskej \u00fanie","name":"Slovensko bude ma\u0165 na svojom \u00fazem\u00ed historicky prv\u00fa in\u0161tit\u00faciu Eur\u00f3pskej \u00fanie","description":"Slovensko je \u010dlenom E\u00da a\u00a0okrem povinnost\u00ed, ktor\u00e9 z\u00a0tohto \u010dlenstva krajine vypl\u00fdvaj\u00fa, si m\u00f4\u017eeme uplat\u0148ova\u0165 aj nejak\u00e9 pr\u00e1va a\u00a0v\u00fdhody. Niektor\u00e9 z\u00a0nich s\u00fa spojen\u00e9 s\u00a0mo\u017enos\u0165ou us\u00eddli\u0165 na Slovensku organiz\u00e1cie \u010di org\u00e1ny alebo in\u0161tit\u00facie, ktor\u00fdch \u00falohou je u\u013eah\u010di\u0165 ob\u010danom \u0161t\u00e1tu lep\u0161iu implement\u00e1ciu a\u00a0dostupnos\u0165 pr\u00e1va v\u00a0soci\u00e1lnej \u010di pracovnej oblasti. \u00a0 In\u0161tit\u00facia E\u00da u\u017e aj na Slovensku Jedn\u00fdm z\u00a0nich je [&hellip;]","datePublished":"2019-05-25","dateModified":"2019-05-25","author":{"@type":"Person","@id":"https:\/\/www.cinuba.sk\/author\/#Person","name":"","url":"https:\/\/www.cinuba.sk\/author\/","identifier":1,"image":{"@type":"ImageObject","@id":"https:\/\/secure.gravatar.com\/avatar\/614460c3109f6ef46730ae87c5e2be623f574940fabcec1214dc0d8d5af688cf?s=96&d=mm&r=g","url":"https:\/\/secure.gravatar.com\/avatar\/614460c3109f6ef46730ae87c5e2be623f574940fabcec1214dc0d8d5af688cf?s=96&d=mm&r=g","height":96,"width":96}},"publisher":{"@type":"Organization","name":"cinuba.sk","logo":{"@type":"ImageObject","@id":"\/logo.png","url":"\/logo.png","width":600,"height":60}},"image":{"@type":"ImageObject","@id":"https:\/\/www.cinuba.sk\/wp-content\/uploads\/img_a302387_w2033_t1561388961.jpg","url":"https:\/\/www.cinuba.sk\/wp-content\/uploads\/img_a302387_w2033_t1561388961.jpg","height":0,"width":0},"url":"https:\/\/www.cinuba.sk\/slovensko-bude-mat-na-svojom-uzemi-historicky-prvu-instituciu-europskej-unie\/","wordCount":397,"articleBody":"Slovensko je \u010dlenom E\u00da a\u00a0okrem povinnost\u00ed, ktor\u00e9 z\u00a0tohto \u010dlenstva krajine vypl\u00fdvaj\u00fa, si m\u00f4\u017eeme uplat\u0148ova\u0165 aj nejak\u00e9 pr\u00e1va a\u00a0v\u00fdhody. Niektor\u00e9 z\u00a0nich s\u00fa spojen\u00e9 s\u00a0mo\u017enos\u0165ou us\u00eddli\u0165 na Slovensku organiz\u00e1cie \u010di org\u00e1ny alebo in\u0161tit\u00facie, ktor\u00fdch \u00falohou je u\u013eah\u010di\u0165 ob\u010danom \u0161t\u00e1tu lep\u0161iu implement\u00e1ciu a\u00a0dostupnos\u0165 pr\u00e1va v\u00a0soci\u00e1lnej \u010di pracovnej oblasti.\u00a0In\u0161tit\u00facia E\u00da u\u017e aj na SlovenskuJedn\u00fdm z\u00a0nich je Eur\u00f3psky org\u00e1n pr\u00e1ce (ELA), ktor\u00e9ho s\u00eddlom by mala by\u0165 Bratislava. Rozhodnutie padlo v\u00a0Rade pre zamestnanos\u0165, soci\u00e1lnu politiku, zdravie a spotrebite\u013esk\u00e9 z\u00e1le\u017eitosti v\u00a0Luxemburgu a\u00a0bude to prv\u00e1 in\u0161tit\u00facia Eur\u00f3pskej \u00fanie na \u00fazem\u00ed Slovenska. Pri rokovan\u00ed rady bol aj z\u00e1stupca na\u0161ej vl\u00e1dy a\u00a0t\u00fdm bol minister pr\u00e1ce J\u00e1n Richter (Smer-SD).\u00a0Z\u00e1ujemcovia vy\u0161li napr\u00e1zdnoZ\u00e1ujem o\u00a0s\u00eddlo tejto in\u0161tit\u00facie prejavilo viacero \u0161t\u00e1tov, okrem Loty\u0161ska, Bulharska a\u00a0Cypru na za\u010diatku prejavili z\u00e1ujem aj Chorv\u00e1tsko a\u00a0Rumunsko, ako v\u00ed\u0165az v\u0161ak z\u00a0tohto s\u00faboja vy\u0161lo Slovensko. Pre s\u00eddlo ELA u\u017e rezort pr\u00e1ce vytypoval aj priestor. Navrhuje ho v\u00a0okol\u00ed autobusovej stanice a\u00a0bl\u00edzko novej v\u00fdstavby biznis centra, ktor\u00e1 prebieha na Landererovej ulici.\u00a0Dostupnej\u0161ia informovanos\u0165Definit\u00edvne slovo o\u00a0zriaden\u00ed ELA vyslovil Eur\u00f3psky parlament spolu s\u00a0Radou E\u00da a Eur\u00f3pskou komisiou e\u0161te 14.febru\u00e1ra 2019. Pre obyvate\u013eov krajiny to bude znamena\u0165 zlep\u0161enie koordin\u00e1cie soci\u00e1lneho zabezpe\u010denia a\u00a0tie\u017e implement\u00e1cie pr\u00e1va E\u00da v oblasti cezhrani\u010dnej pracovnej mobility. Ob\u010dania a\u00a0podniky sa prostredn\u00edctvom nej dozvedia viac o\u00a0svojich povinnostiach, ale aj pr\u00e1vach pri mobilite, \u010fal\u0161ou \u010dinnos\u0165ou bude koordin\u00e1cia spolupr\u00e1ce \u010dlensk\u00fdch \u0161t\u00e1tov hlavne pri vykon\u00e1van\u00ed spolo\u010dn\u00fdch in\u0161pekci\u00ed. Popritom bude ma\u0165 aj funkciu medi\u00e1tora v\u00a0sporoch medzi jednotliv\u00fdmi \u010dlensk\u00fdmi \u0161t\u00e1tmi. Po\u010diato\u010dn\u00e9 odhady o\u00a0rozpo\u010dte ELA hovoria o\u00a0sume okolo 50 mili\u00f3nov eur. V\u00a0agent\u00fare bude zamestnan\u00fdch asi 140 zamestnancov a\u00a0medzi nimi bude 60 expertov vyslan\u00fdch \u010dlensk\u00fdmi \u0161t\u00e1tmi, ktor\u00fdch \u00faloha bude spo\u010d\u00edva\u0165 aj v zast\u00e1van\u00ed postu n\u00e1rodn\u00fdch sty\u010dn\u00fdch \u00faradn\u00edkov.                                                                                                                                                                                                                                                                                                                                                                                        5\/5 - (6 votes)        "},{"@context":"https:\/\/schema.org\/","@type":"BreadcrumbList","itemListElement":[{"@type":"ListItem","position":1,"name":"Slovensko bude ma\u0165 na svojom \u00fazem\u00ed historicky prv\u00fa in\u0161tit\u00faciu Eur\u00f3pskej \u00fanie","item":"https:\/\/www.cinuba.sk\/slovensko-bude-mat-na-svojom-uzemi-historicky-prvu-instituciu-europskej-unie\/#breadcrumbitem"}]}]