[{"@context":"https:\/\/schema.org\/","@type":"Article","@id":"https:\/\/www.cinuba.sk\/veda-o-prirode\/#Article","mainEntityOfPage":"https:\/\/www.cinuba.sk\/veda-o-prirode\/","headline":"Veda o pr\u00edrode","name":"Veda o pr\u00edrode","description":"Nech\u00e1pem jednu vec v na\u0161om parku je Osoby. Intern\u00e1tne u\u010dili\u0161te tam vo\u013eakedy moja mamina bola u\u010dite\u013eka m\u00e1 \u0161peci\u00e1lnu pedagogiku ako ja. Je tam \u010das kde rastie \u0161tiav po\u013en\u00fd dobre \u017ee trochu narastie aj tr\u00e1vi\u010dka okolo ve\u010f nie je po kolen\u00e1 fakt by som starostke dala lekciu o pr\u00edrode. V\u00f4bec im asi nehovor\u00ed ni\u010d slovo Ekol\u00f3gia [&hellip;]","datePublished":"2023-10-15","dateModified":"2024-04-15","author":{"@type":"Person","@id":"https:\/\/www.cinuba.sk\/author\/#Person","name":"","url":"https:\/\/www.cinuba.sk\/author\/","identifier":1,"image":{"@type":"ImageObject","@id":"https:\/\/secure.gravatar.com\/avatar\/614460c3109f6ef46730ae87c5e2be623f574940fabcec1214dc0d8d5af688cf?s=96&d=mm&r=g","url":"https:\/\/secure.gravatar.com\/avatar\/614460c3109f6ef46730ae87c5e2be623f574940fabcec1214dc0d8d5af688cf?s=96&d=mm&r=g","height":96,"width":96}},"publisher":{"@type":"Organization","name":"cinuba.sk","logo":{"@type":"ImageObject","@id":"\/logo.png","url":"\/logo.png","width":600,"height":60}},"image":{"@type":"ImageObject","@id":"https:\/\/www.cinuba.sk\/wp-content\/uploads\/smoothies-4608349_640_4.jpg","url":"https:\/\/www.cinuba.sk\/wp-content\/uploads\/smoothies-4608349_640_4.jpg","height":0,"width":0},"url":"https:\/\/www.cinuba.sk\/veda-o-prirode\/","about":["Veda"],"wordCount":575,"articleBody":"Nech\u00e1pem jednu vec v na\u0161om parku je Osoby. Intern\u00e1tne u\u010dili\u0161te tam vo\u013eakedy moja mamina bola u\u010dite\u013eka m\u00e1 \u0161peci\u00e1lnu pedagogiku ako ja. Je tam \u010das kde rastie \u0161tiav po\u013en\u00fd dobre \u017ee trochu narastie aj tr\u00e1vi\u010dka okolo ve\u010f nie je po kolen\u00e1 fakt by som starostke dala lekciu o pr\u00edrode. V\u00f4bec im asi nehovor\u00ed ni\u010d slovo Ekol\u00f3gia ani \u017ee je to veda. Ja aj\u00a0 ke\u010f si doprajem ob\u010das sladkosti cukor ako napr. dnes nanuk a kokosov\u00e9 guli\u010dky RAFAELO ako sa hovor\u00ed sladk\u00e9 dobr\u00e9 na nervy. Ja \u013eutujem \u017ee som ne\u0161tudovala pr\u00edrodn\u00e9 vedy ako moja teta. Ja sa od mala zaober\u00e1m pr\u00edrodou ako takou. Moje jedl\u00e1 s\u00fa tie\u017e o pr\u00edrode o vede. viac zeleniny, obilniny a strukoviny. Ke\u010f sa tak pozrieme okolo seba ko\u013eko je \u013eud\u00ed ob\u00e9znych mlad\u00e9 diev\u010dat\u00e1 hrozn\u00e9. Idem rie\u0161i\u0165 ot\u00e1zku zl\u00e9ho stravovania na \u0161kol\u00e1ch . Kv\u00f4li tomu \u017ee deti a ml\u00e1de\u017e sam\u00e9 hl\u00faposti nezdrav\u00e9 jed\u00e1va. S\u00edce ako \u017ee zak\u00e1zali automaty v \u0161kol\u00e1ch ale e\u0161te niekde sa n\u00e1jdu. A s\u00fa pln\u00e9 \u0161kodliv\u00fdch vec\u00ed zak\u00e1zala by som \u00faplne biele pe\u010divo vyr\u00e1ba\u0165 aj tie plnen\u00e9 bagety a pod. Ja sa \u010dudujem \u017ee nezak\u00e1\u017ee parlament r\u00fdchle ob\u010derstvenie fuj des. Aj v Zlat\u00fdch Moravciach sa n\u00e1jdu aj tak\u00fd st\u00e1nok je smerom autobusovej stanici pred\u00e1va tam os\u00fachy\u00a0\u00a0a pod. des ten smrad prep\u00e1len\u00fd olej m\u00e1m dojem \u017ee to ani olej nie je ale ako keby kr\u00e9m INDULONA \u00faplne pou\u017eit\u00fd nieko\u013ekokr\u00e1t olej. V \u017eivote by som si tam ni\u010d nek\u00fapila. Ja som tak\u00fd typ \u017ee vydr\u017e\u00edm na zelenine, ovocie, obilnin\u00e1ch, strukovin\u00e1ch a s\u00f3jov\u00fd\u00a0\u00a0v\u00fdrobkov po cel\u00fd rok. Ke\u010f chce mama a pod. nech jedia m\u00e4so mne to ani nechut\u00ed a jednak sam\u00e9 antibiotika a svalovce. Niet divu ja som v \u010c\u00ednskom znamen\u00ed zajac m\u00e1m rada v\u0161etko zelen\u00e9 stromy, kvety celkovo pr\u00edrodu. Milujem ke\u010f ma hladia tepl\u00e9 l\u00fa\u010de slnie\u010dka. Dnes vybehla v letnom tri\u010dku takom \u017eltom milujem t\u00fa farbu je to farba leta tepla. Ja odstr\u00e1nim postupne aj cukor aj sladk\u00e9. V\u010dera bol medzin\u00e1rodn\u00fd de\u0148 R\u00f3mov Bo\u017ee t\u00ed vedia \u017ei\u0165 s\u00fa to deti pr\u00edrody ja ich fakt obdivujem maj\u00fa v tomto smere m\u00f4j obdiv. V\u010dera boli v TELE\u00c1RNE bola to skupina tancovali, varili ich typick\u00e9 jedl\u00e1 aj spievali. Ja v\u00e1m poviem t\u00ed vedia \u017ei\u0165 nie ako my \u017ee sa len n\u00e1hlime sa peniazmi a mamonou. \u017dij\u00fa uvedomelo s\u00fa tam s\u00edce rozdiely ako tak\u00e9 mysl\u00edm vzdelan\u00fd a tak. Ale t\u00e1 ich kult\u00fara je zauj\u00edmav\u00e1 aj piesne a tance. S\u00edce t\u00e1 ich re\u010d je dos\u0165 zlo\u017eit\u00e1 ale tie nejak\u00e9 slov\u00ed\u010dka sa daj\u00fa nau\u010di\u0165 n\u00e1jdeme ich aj na internete . Ja viem tak zop\u00e1r napr. \u010cIRIKLO je vrabec a pod. Zoberme si pr\u00edklad od nich nau\u010dme sa milova\u0165 pr\u00edrodu cel\u00fdmi d\u00fa\u0161kami nie len prejs\u0165 okolo nej a ni\u010di\u0165. Spestrime si \u017eivot. V\u010dera d\u00e1vali aj z\u00e1pad slnka to sa odohralo v inej krajine nie u n\u00e1s si predstavte keby tak\u00e9 nie\u010do nastalo koniec by bol Apokalypsa a tam smerujeme ke\u010f si neochr\u00e1nime mati\u010dku zem.\u00a0                                                                                                                                                                                                                                                                                                                                                                                        4\/5 - (24 votes)        "},{"@context":"https:\/\/schema.org\/","@type":"BreadcrumbList","itemListElement":[{"@type":"ListItem","position":1,"name":"Veda o pr\u00edrode","item":"https:\/\/www.cinuba.sk\/veda-o-prirode\/#breadcrumbitem"}]}]